{"id":987507777,"date":"2023-11-15T14:38:22","date_gmt":"2023-11-15T13:38:22","guid":{"rendered":"https:\/\/www.de-vitis.fr\/?p=987507777"},"modified":"2025-04-06T19:59:48","modified_gmt":"2025-04-06T17:59:48","slug":"la-cave-du-tastevin","status":"publish","type":"post","link":"https:\/\/www.de-vitis.fr\/en\/la-cave-du-tastevin\/","title":{"rendered":"La cave du Tastevin"},"content":{"rendered":"<p>[et_pb_section fb_built=\u00a0\u00bb1&Prime; _builder_version=\u00a0\u00bb4.22.2&Prime; _module_preset=\u00a0\u00bbdefault\u00a0\u00bb min_height=\u00a0\u00bb38.4px\u00a0\u00bb custom_padding=\u00a0\u00bb||0px|||\u00a0\u00bb global_colors_info=\u00a0\u00bb{}\u00a0\u00bb][et_pb_row _builder_version=\u00a0\u00bb4.23.1&Prime; _module_preset=\u00a0\u00bbdefault\u00a0\u00bb width=\u00a0\u00bb96%\u00a0\u00bb collapsed=\u00a0\u00bboff\u00a0\u00bb global_colors_info=\u00a0\u00bb{}\u00a0\u00bb][et_pb_column type=\u00a0\u00bb4_4&Prime; _builder_version=\u00a0\u00bb4.22.2&Prime; _module_preset=\u00a0\u00bbdefault\u00a0\u00bb global_colors_info=\u00a0\u00bb{}\u00a0\u00bb][et_pb_text _builder_version=\u00a0\u00bb4.27.4&Prime; _module_preset=\u00a0\u00bbdefault\u00a0\u00bb hover_enabled=\u00a0\u00bb0&Prime; global_colors_info=\u00a0\u00bb{}\u00a0\u00bb sticky_enabled=\u00a0\u00bb0&Prime;]<\/p>\n<p class=\"p1\">En plein coeur de La Rochelle, dans le march\u00e9 couvert embl\u00e9matique du centre historique, vous pourrez nous retrouver \u00e0 notre cave du Tastevin qui se situe sur le banc n\u00b022.<\/p>\n<p>[\/et_pb_text][\/et_pb_column][\/et_pb_row][et_pb_row _builder_version=\u00a0\u00bb4.22.2&Prime; _module_preset=\u00a0\u00bbdefault\u00a0\u00bb width=\u00a0\u00bb96%\u00a0\u00bb collapsed=\u00a0\u00bboff\u00a0\u00bb global_colors_info=\u00a0\u00bb{}\u00a0\u00bb][et_pb_column type=\u00a0\u00bb4_4&Prime; _builder_version=\u00a0\u00bb4.22.2&Prime; _module_preset=\u00a0\u00bbdefault\u00a0\u00bb global_colors_info=\u00a0\u00bb{}\u00a0\u00bb][et_pb_heading title=\u00a0\u00bbEn plein coeur de La Rochelle\u00a0\u00bb _builder_version=\u00a0\u00bb4.23.1&Prime; _module_preset=\u00a0\u00bbdefault\u00a0\u00bb title_level=\u00a0\u00bbh2&Prime; global_colors_info=\u00a0\u00bb{}\u00a0\u00bb][\/et_pb_heading][\/et_pb_column][\/et_pb_row][et_pb_row column_structure=\u00a0\u00bb1_2,1_2&Prime; _builder_version=\u00a0\u00bb4.22.2&Prime; _module_preset=\u00a0\u00bbdefault\u00a0\u00bb width=\u00a0\u00bb96%\u00a0\u00bb collapsed=\u00a0\u00bboff\u00a0\u00bb global_colors_info=\u00a0\u00bb{}\u00a0\u00bb][et_pb_column type=\u00a0\u00bb1_2&Prime; _builder_version=\u00a0\u00bb4.22.2&Prime; _module_preset=\u00a0\u00bbdefault\u00a0\u00bb global_colors_info=\u00a0\u00bb{}\u00a0\u00bb][et_pb_image src=\u00a0\u00bbhttps:\/\/www.de-vitis.fr\/docs\/uploads\/2023\/11\/boutique-taste-vin-la-rochelle-3.jpg\u00a0\u00bb alt=\u00a0\u00bbboutique taste vin la rochelle 3&Prime; title_text=\u00a0\u00bbboutique taste vin la rochelle 3&Prime; _builder_version=\u00a0\u00bb4.23.1&Prime; _module_preset=\u00a0\u00bbdefault\u00a0\u00bb width=\u00a0\u00bb100%\u00a0\u00bb custom_margin=\u00a0\u00bb|8px|-18px|||\u00a0\u00bb custom_padding=\u00a0\u00bb||5px|||\u00a0\u00bb global_colors_info=\u00a0\u00bb{}\u00a0\u00bb][\/et_pb_image][\/et_pb_column][et_pb_column type=\u00a0\u00bb1_2&Prime; _builder_version=\u00a0\u00bb4.22.2&Prime; _module_preset=\u00a0\u00bbdefault\u00a0\u00bb global_colors_info=\u00a0\u00bb{}\u00a0\u00bb][et_pb_text _builder_version=\u00a0\u00bb4.22.2&Prime; _module_preset=\u00a0\u00bbdefault\u00a0\u00bb width=\u00a0\u00bb100%\u00a0\u00bb custom_margin=\u00a0\u00bb|||3px||\u00a0\u00bb custom_padding=\u00a0\u00bb|0px||0px||\u00a0\u00bb hover_enabled=\u00a0\u00bb0&Prime; global_colors_info=\u00a0\u00bb{}\u00a0\u00bb sticky_enabled=\u00a0\u00bb0&Prime;]<\/p>\n<p class=\"p1\" style=\"text-align: justify;\">Pour nos chers clients de Charente-Maritime, nous avons choisi d&rsquo;ouvrir notre cave dans la belle ville de La Rochelle.<\/p>\n<p class=\"p1\" style=\"text-align: justify;\">Sur notre banc (N\u00b022), vous pourrez retrouver l&rsquo;ensemble de nos produits \u00e0 la vente (Vin bio Charentais, Pineaux des Charentes et Cognac). <\/p>\n<p class=\"p1\" style=\"text-align: justify;\">\n<p class=\"p1\" style=\"text-align: justify;\">\n<p>[\/et_pb_text][\/et_pb_column][\/et_pb_row][et_pb_row _builder_version=\u00a0\u00bb4.23.1&Prime; _module_preset=\u00a0\u00bbdefault\u00a0\u00bb width=\u00a0\u00bb96%\u00a0\u00bb collapsed=\u00a0\u00bboff\u00a0\u00bb global_colors_info=\u00a0\u00bb{}\u00a0\u00bb][et_pb_column type=\u00a0\u00bb4_4&Prime; _builder_version=\u00a0\u00bb4.22.2&Prime; _module_preset=\u00a0\u00bbdefault\u00a0\u00bb global_colors_info=\u00a0\u00bb{}\u00a0\u00bb][et_pb_text _builder_version=\u00a0\u00bb4.23.1&Prime; _module_preset=\u00a0\u00bbdefault\u00a0\u00bb global_colors_info=\u00a0\u00bb{}\u00a0\u00bb]<\/p>\n<p>Notre Caviste, David, est l\u00e0 pour r\u00e9pondre \u00e0 vos questions et tout vous dire sur nos beaux produits.\u00a0<\/p>\n<p>Il propose \u00e9galement de la d\u00e9gustation au verre autour d&rsquo;un met cher \u00e0 notre r\u00e9gion : les hu\u00eetres. Avec lesquelles nos vins blancs s&rsquo;accordent \u00e0 merveille.<\/p>\n<p>[\/et_pb_text][et_pb_heading title=\u00a0\u00bbDes vins de toutes les r\u00e9gions\u00a0\u00bb _builder_version=\u00a0\u00bb4.23.1&Prime; _module_preset=\u00a0\u00bbdefault\u00a0\u00bb title_level=\u00a0\u00bbh2&Prime; global_colors_info=\u00a0\u00bb{}\u00a0\u00bb][\/et_pb_heading][\/et_pb_column][\/et_pb_row][et_pb_row column_structure=\u00a0\u00bb1_2,1_2&Prime; _builder_version=\u00a0\u00bb4.22.2&Prime; _module_preset=\u00a0\u00bbdefault\u00a0\u00bb width=\u00a0\u00bb96%\u00a0\u00bb collapsed=\u00a0\u00bboff\u00a0\u00bb global_colors_info=\u00a0\u00bb{}\u00a0\u00bb][et_pb_column type=\u00a0\u00bb1_2&Prime; _builder_version=\u00a0\u00bb4.22.2&Prime; _module_preset=\u00a0\u00bbdefault\u00a0\u00bb global_colors_info=\u00a0\u00bb{}\u00a0\u00bb][et_pb_text _builder_version=\u00a0\u00bb4.27.4&Prime; _module_preset=\u00a0\u00bbdefault\u00a0\u00bb hover_enabled=\u00a0\u00bb0&Prime; global_colors_info=\u00a0\u00bb{}\u00a0\u00bb sticky_enabled=\u00a0\u00bb0&Prime;]<\/p>\n<p class=\"p1\" style=\"text-align: justify;\">Dans notre cave, nous s\u00e9lectionnons \u00e9galement pour vous, nos plus belles trouvailles de chez nos confr\u00e8res vignerons !<\/p>\n<p class=\"p1\" style=\"text-align: justify;\">Nous cherchons particuli\u00e8rement \u00e0 mettre en lumi\u00e8re des vins qui partagent nos valeurs : <a href=\"https:\/\/www.de-vitis.fr\/\">vignerons ind\u00e9pendants<\/a>, respectueux de l&rsquo;environnement ou en agriculture biologique.<\/p>\n<p class=\"p1\" style=\"text-align: justify;\">De la Corse \u00e0 la Bourgogne en passant par le Bordelais, nous avons fait le tour des r\u00e9gions pour trouver tout ce dont vous avez besoin pour accompagner au mieux vos soir\u00e9es festives ou vos repas de chef !<\/p>\n<p>[\/et_pb_text][\/et_pb_column][et_pb_column type=\u00a0\u00bb1_2&Prime; _builder_version=\u00a0\u00bb4.22.2&Prime; _module_preset=\u00a0\u00bbdefault\u00a0\u00bb global_colors_info=\u00a0\u00bb{}\u00a0\u00bb][et_pb_image src=\u00a0\u00bbhttps:\/\/www.de-vitis.fr\/docs\/uploads\/2023\/11\/img_0051.jpeg\u00a0\u00bb alt=\u00a0\u00bbimg 0051&Prime; title_text=\u00a0\u00bbimg 0051&Prime; _builder_version=\u00a0\u00bb4.23.1&Prime; _module_preset=\u00a0\u00bbdefault\u00a0\u00bb global_colors_info=\u00a0\u00bb{}\u00a0\u00bb][\/et_pb_image][\/et_pb_column][\/et_pb_row][et_pb_row _builder_version=\u00a0\u00bb4.23.1&Prime; _module_preset=\u00a0\u00bbdefault\u00a0\u00bb width=\u00a0\u00bb96%\u00a0\u00bb collapsed=\u00a0\u00bboff\u00a0\u00bb global_colors_info=\u00a0\u00bb{}\u00a0\u00bb][et_pb_column type=\u00a0\u00bb4_4&Prime; _builder_version=\u00a0\u00bb4.23.1&Prime; _module_preset=\u00a0\u00bbdefault\u00a0\u00bb global_colors_info=\u00a0\u00bb{}\u00a0\u00bb][et_pb_heading title=\u00a0\u00bbSuivez notre cave sur les r\u00e9seaux !\u00a0\u00bb _builder_version=\u00a0\u00bb4.23.1&Prime; _module_preset=\u00a0\u00bbdefault\u00a0\u00bb title_level=\u00a0\u00bbh2&Prime; global_colors_info=\u00a0\u00bb{}\u00a0\u00bb][\/et_pb_heading][\/et_pb_column][\/et_pb_row][et_pb_row _builder_version=\u00a0\u00bb4.23.1&Prime; _module_preset=\u00a0\u00bbdefault\u00a0\u00bb width=\u00a0\u00bb96%\u00a0\u00bb collapsed=\u00a0\u00bboff\u00a0\u00bb global_colors_info=\u00a0\u00bb{}\u00a0\u00bb][et_pb_column type=\u00a0\u00bb4_4&Prime; _builder_version=\u00a0\u00bb4.23.1&Prime; _module_preset=\u00a0\u00bbdefault\u00a0\u00bb global_colors_info=\u00a0\u00bb{}\u00a0\u00bb][et_pb_text _builder_version=\u00a0\u00bb4.27.4&Prime; _module_preset=\u00a0\u00bbdefault\u00a0\u00bb hover_enabled=\u00a0\u00bb0&Prime; global_colors_info=\u00a0\u00bb{}\u00a0\u00bb sticky_enabled=\u00a0\u00bb0&Prime;]<\/p>\n<p style=\"text-align: justify;\">Pour ne rien rater des nouveaut\u00e9s qui arrivent dans notre cave, des d\u00e9gustations sp\u00e9ciales ou de nos promotions, n&rsquo;h\u00e9sitez par \u00e0 nous suivre sur nos r\u00e9seaux sociaux !<\/p>\n<p>[\/et_pb_text][\/et_pb_column][\/et_pb_row][et_pb_row column_structure=\u00a0\u00bb1_5,1_5,3_5&Prime; _builder_version=\u00a0\u00bb4.23.1&Prime; _module_preset=\u00a0\u00bbdefault\u00a0\u00bb width=\u00a0\u00bb96%\u00a0\u00bb collapsed=\u00a0\u00bboff\u00a0\u00bb global_colors_info=\u00a0\u00bb{}\u00a0\u00bb][et_pb_column type=\u00a0\u00bb1_5&Prime; _builder_version=\u00a0\u00bb4.23.1&Prime; _module_preset=\u00a0\u00bbdefault\u00a0\u00bb global_colors_info=\u00a0\u00bb{}\u00a0\u00bb][et_pb_button button_url=\u00a0\u00bbhttps:\/\/instagram.com\/lacavetastevin?igshid=OGQ5ZDc2ODk2ZA==\u00a0\u00bb button_text=\u00a0\u00bbInstagram\u00a0\u00bb _builder_version=\u00a0\u00bb4.23.1&Prime; _module_preset=\u00a0\u00bbdefault\u00a0\u00bb custom_button=\u00a0\u00bbon\u00a0\u00bb button_text_color=\u00a0\u00bb#FFFFFF\u00a0\u00bb button_bg_color=\u00a0\u00bb#E2C068&Prime; button_border_color=\u00a0\u00bb#E2C068&Prime; button_icon=\u00a0\u00bb&#xe0b1;||divi||400&Prime; button_icon_color=\u00a0\u00bb#FFFFFF\u00a0\u00bb global_colors_info=\u00a0\u00bb{}\u00a0\u00bb][\/et_pb_button][\/et_pb_column][et_pb_column type=\u00a0\u00bb1_5&Prime; _builder_version=\u00a0\u00bb4.23.1&Prime; _module_preset=\u00a0\u00bbdefault\u00a0\u00bb global_colors_info=\u00a0\u00bb{}\u00a0\u00bb][et_pb_button button_url=\u00a0\u00bbhttps:\/\/www.facebook.com\/CaveTastevin\u00a0\u00bb button_text=\u00a0\u00bbFacebook\u00a0\u00bb _builder_version=\u00a0\u00bb4.23.1&Prime; _module_preset=\u00a0\u00bbdefault\u00a0\u00bb custom_button=\u00a0\u00bbon\u00a0\u00bb button_text_size=\u00a0\u00bb21px\u00a0\u00bb button_text_color=\u00a0\u00bb#ffffff\u00a0\u00bb button_bg_color=\u00a0\u00bb#E2C068&Prime; button_border_color=\u00a0\u00bb#E2C068&Prime; button_icon=\u00a0\u00bb&#xf09a;||fa||400&Prime; button_icon_color=\u00a0\u00bb#FFFFFF\u00a0\u00bb global_colors_info=\u00a0\u00bb{}\u00a0\u00bb][\/et_pb_button][\/et_pb_column][et_pb_column type=\u00a0\u00bb3_5&Prime; _builder_version=\u00a0\u00bb4.23.1&Prime; _module_preset=\u00a0\u00bbdefault\u00a0\u00bb global_colors_info=\u00a0\u00bb{}\u00a0\u00bb][\/et_pb_column][\/et_pb_row][\/et_pb_section]<\/p>\n","protected":false},"excerpt":{"rendered":"<p>Parce que nous aimons aussi l\u2019air marin, vous pouvez nous retrouver dans le march\u00e9 couvert de La Rochelle \u00e0 notre cave : la cave du Tastevin, banc 22 ; O\u00f9 David, se fera un plaisir de vous rencontrer et de vous pr\u00e9senter nos produits.<\/p>","protected":false},"author":183,"featured_media":987507974,"comment_status":"closed","ping_status":"closed","sticky":false,"template":"","format":"standard","meta":{"_seopress_robots_primary_cat":"none","_seopress_titles_title":"Une cave \u00e0 La Rochelle ! Le Tastevin","_seopress_titles_desc":"Dans le march\u00e9 couvert de La Rochelle, notre cave de Cognac vin et Pineau des Charente se situe banc 22, la cave Tastevin !","_seopress_robots_index":"","_et_pb_use_builder":"on","_et_pb_old_content":"","_et_gb_content_width":"","footnotes":""},"categories":[1],"tags":[],"class_list":{"0":"post-987507777","1":"post","2":"type-post","3":"status-publish","4":"format-standard","5":"has-post-thumbnail","7":"category-actualites"},"_links":{"self":[{"href":"https:\/\/www.de-vitis.fr\/en\/wp-json\/wp\/v2\/posts\/987507777","targetHints":{"allow":["GET"]}}],"collection":[{"href":"https:\/\/www.de-vitis.fr\/en\/wp-json\/wp\/v2\/posts"}],"about":[{"href":"https:\/\/www.de-vitis.fr\/en\/wp-json\/wp\/v2\/types\/post"}],"author":[{"embeddable":true,"href":"https:\/\/www.de-vitis.fr\/en\/wp-json\/wp\/v2\/users\/183"}],"replies":[{"embeddable":true,"href":"https:\/\/www.de-vitis.fr\/en\/wp-json\/wp\/v2\/comments?post=987507777"}],"version-history":[{"count":2,"href":"https:\/\/www.de-vitis.fr\/en\/wp-json\/wp\/v2\/posts\/987507777\/revisions"}],"predecessor-version":[{"id":987509114,"href":"https:\/\/www.de-vitis.fr\/en\/wp-json\/wp\/v2\/posts\/987507777\/revisions\/987509114"}],"wp:featuredmedia":[{"embeddable":true,"href":"https:\/\/www.de-vitis.fr\/en\/wp-json\/wp\/v2\/media\/987507974"}],"wp:attachment":[{"href":"https:\/\/www.de-vitis.fr\/en\/wp-json\/wp\/v2\/media?parent=987507777"}],"wp:term":[{"taxonomy":"category","embeddable":true,"href":"https:\/\/www.de-vitis.fr\/en\/wp-json\/wp\/v2\/categories?post=987507777"},{"taxonomy":"post_tag","embeddable":true,"href":"https:\/\/www.de-vitis.fr\/en\/wp-json\/wp\/v2\/tags?post=987507777"}],"curies":[{"name":"wp","href":"https:\/\/api.w.org\/{rel}","templated":true}]}}